{"id":3334,"date":"2020-11-16T15:01:04","date_gmt":"2020-11-16T15:01:04","guid":{"rendered":"https:\/\/tubotech.com.br\/16\/?p=3334"},"modified":"2020-11-16T15:43:41","modified_gmt":"2020-11-16T15:43:41","slug":"setor-siderurgico-ve-retomada-da-demanda-na-america-latina-mas-com-cautela","status":"publish","type":"post","link":"https:\/\/tubotech.com.br\/16\/setor-siderurgico-ve-retomada-da-demanda-na-america-latina-mas-com-cautela\/","title":{"rendered":"Setor sider\u00fargico v\u00ea retomada da demanda na Am\u00e9rica Latina, mas com cautela"},"content":{"rendered":"<p class=\"content-head__subtitle\">A expectativa \u00e9 de uma queda de 14% no consumo aparente na Am\u00e9rica Latina e de um recuo de 15% na produ\u00e7\u00e3o segundo a Alacero,<\/p>\n<div class=\"mc-column content-text active-extra-styles active-capital-letter\" data-block-type=\"unstyled\" data-block-weight=\"61\" data-block-id=\"1\">\n<p class=\"content-text__container theme-color-primary-first-letter\" data-track-category=\"Link no Texto\" data-track-links=\"\">O setor sider\u00fargico da Am\u00e9rica Latina acredita que o pr\u00f3ximo ano dever\u00e1 ser de consolida\u00e7\u00e3o da recupera\u00e7\u00e3o de 2020, mas com cautela. Durante o painel dos CEOS no Congresso Alacero 2020, foi um consenso entre os executivos de que a demanda por a\u00e7o nos pa\u00edses da regi\u00e3o est\u00e1 retomando em \u201cV\u201d, em alguns mercados at\u00e9 com mais for\u00e7a, como no Brasil.<\/p>\n<\/div>\n<div class=\"wall protected-content\">\n<div class=\"mc-column content-text active-extra-styles \" data-block-type=\"unstyled\" data-block-weight=\"35\" data-block-id=\"2\">\n<p class=\"content-text__container \" data-track-category=\"Link no Texto\" data-track-links=\"\">Neste ano, a expectativa \u00e9 de uma queda de 14% no consumo aparente na Am\u00e9rica Latina e de um recuo de 15% na produ\u00e7\u00e3o segundo a Alacero, entidade que re\u00fane as sider\u00fargicas na regi\u00e3o.<\/p>\n<\/div>\n<div class=\"mc-column content-text active-extra-styles \" data-block-type=\"unstyled\" data-block-weight=\"35\" data-block-id=\"3\">\n<p class=\"content-text__container \" data-track-category=\"Link no Texto\" data-track-links=\"\">Segundo o presidente da Ternium, M\u00e1ximo Vedoya, a recupera\u00e7\u00e3o na regi\u00e3o est\u00e1 melhor do que se imaginava, isso porque h\u00e1 um movimento de recomposi\u00e7\u00e3o de estoques aliado a uma demanda crescente nos mercados.<\/p>\n<div class=\"mc-column content-text active-extra-styles \" data-block-type=\"unstyled\" data-block-weight=\"62\" data-block-id=\"4\">\n<p class=\"content-text__container \" data-track-category=\"Link no Texto\" data-track-links=\"\">\u201cPara 2021 sou moderadamente otimista. Depois de uma crise t\u00e3o violenta vemos recupera\u00e7\u00e3o em todos os pa\u00edses, no Brasil de forma mais r\u00e1pida. Os estoques diminu\u00edram e agora \u00e9 o momento de recomposi\u00e7\u00e3o, mas a demanda esta crescendo. Estou moderadamente otimista porque ainda n\u00e3o sa\u00edmos da pandemia, h\u00e1 a possibilidade de uma segunda onda, mas j\u00e1 vislumbramos uma vacina\u201d, disse Vedoya.<\/p>\n<\/div>\n<div class=\"mc-column content-text active-extra-styles \" data-block-type=\"unstyled\" data-block-weight=\"39\" data-block-id=\"5\">\n<p class=\"content-text__container \" data-track-category=\"Link no Texto\" data-track-links=\"\">Jefferson de Paula, presidente da ArcelorMittal A\u00e7os Longos, existem alguns pontos que n\u00e3o dependem de est\u00edmulos dos governos da regi\u00e3o. Assim como Vedoya, De Paula tamb\u00e9m acredita em um ano de recupera\u00e7\u00e3o, mas essa estimativa \u00e9 mais cautelosa.<\/p>\n<\/div>\n<div class=\"mc-column content-text active-extra-styles \" data-block-type=\"unstyled\" data-block-weight=\"49\" data-block-id=\"7\">\n<p class=\"content-text__container \" data-track-category=\"Link no Texto\" data-track-links=\"\">\u201cTem que ter cautela para o ano que vem. Existem alguns pontos que n\u00e3o dependem dos pa\u00edses como a segunda onda, a vacina que deve ser aprovada em 2021. A constru\u00e7\u00e3o civil est\u00e1 voltando e isso pode ajudar a retomada da demanda, principalmente no Brasil\u201d, disse De Paula.<\/p>\n<div class=\"mc-column content-text active-extra-styles \" data-block-type=\"unstyled\" data-block-weight=\"47\" data-block-id=\"8\">\n<p class=\"content-text__container \" data-track-category=\"Link no Texto\" data-track-links=\"\">O presidente da Gerdau, Gustavo Werneck, \u00e9 menos cauteloso quando o assunto \u00e9 a recupera\u00e7\u00e3o do mercado em 2021, principalmente o brasileiro. O executivo reafirmou que a estimativa \u00e9 de um crescimento de 6% a 8% no consumo aparente de a\u00e7o no Brasil no pr\u00f3ximo ano.<\/p>\n<\/div>\n<div class=\"mc-column content-text active-extra-styles \" data-block-type=\"unstyled\" data-block-weight=\"46\" data-block-id=\"9\">\n<p class=\"content-text__container \" data-track-category=\"Link no Texto\" data-track-links=\"\">\u201cNo curto prazo tenho um otimismo muito grande. H\u00e1 uma recupera\u00e7\u00e3o em \u2018V\u2019 e vai continuar at\u00e9 o final do primeiro trimestre do ano que vem. Em 2021, h\u00e1 fundamentos na economia para crescer o consumo de 6% a 8% no Brasil\u201d, disse.<\/p>\n<\/div>\n<div class=\"mc-column content-text active-extra-styles \" data-block-type=\"unstyled\" data-block-weight=\"41\" data-block-id=\"10\">\n<p class=\"content-text__container \" data-track-category=\"Link no Texto\" data-track-links=\"\">No m\u00e9dio prazo, no entanto, Werneck v\u00ea com preocupa\u00e7\u00e3o essa retomada do setor sider\u00fargico no Brasil. Segundo ele, se por um lado o governo tem estruturado iniciativas para sustentar esse consumo, como o marco saneamento, h\u00e1 dificuldades estruturais no pa\u00eds.<\/p>\n<\/div>\n<\/div>\n<div class=\"mc-column content-text active-extra-styles \" data-block-type=\"unstyled\" data-block-weight=\"28\" data-block-id=\"11\">\u201cDificuldades que precisam ser equacionadas. Acredito que o governo ainda tem condi\u00e7\u00e3o de acelerar as reformas estruturantes para criar a demanda de longo prazo\u201d, afirmou Werneck.<\/div>\n<\/div>\n<div data-block-type=\"unstyled\" data-block-weight=\"28\" data-block-id=\"11\"><\/div>\n<\/div>\n<div data-block-type=\"unstyled\" data-block-weight=\"28\" data-block-id=\"11\">FONTE:<\/div>\n<div data-block-type=\"unstyled\" data-block-weight=\"28\" data-block-id=\"11\"><a href=\"https:\/\/valorinveste.globo.com\/mercados\/renda-variavel\/empresas\/noticia\/2020\/11\/10\/setor-siderrgico-v-retomada-da-demanda-na-amrica-latina-mas-com-cautela.ghtml\">VALOR INVESTE<\/a><\/div>\n","protected":false},"excerpt":{"rendered":"<p>A expectativa \u00e9 de uma queda de 14% no consumo aparente na Am\u00e9rica Latina e de um recuo de 15% [&hellip;]<\/p>\n","protected":false},"author":2,"featured_media":0,"comment_status":"closed","ping_status":"closed","sticky":false,"template":"","format":"standard","meta":[],"categories":[38],"tags":[],"aioseo_notices":[],"_links":{"self":[{"href":"https:\/\/tubotech.com.br\/16\/wp-json\/wp\/v2\/posts\/3334"}],"collection":[{"href":"https:\/\/tubotech.com.br\/16\/wp-json\/wp\/v2\/posts"}],"about":[{"href":"https:\/\/tubotech.com.br\/16\/wp-json\/wp\/v2\/types\/post"}],"author":[{"embeddable":true,"href":"https:\/\/tubotech.com.br\/16\/wp-json\/wp\/v2\/users\/2"}],"replies":[{"embeddable":true,"href":"https:\/\/tubotech.com.br\/16\/wp-json\/wp\/v2\/comments?post=3334"}],"version-history":[{"count":2,"href":"https:\/\/tubotech.com.br\/16\/wp-json\/wp\/v2\/posts\/3334\/revisions"}],"predecessor-version":[{"id":3340,"href":"https:\/\/tubotech.com.br\/16\/wp-json\/wp\/v2\/posts\/3334\/revisions\/3340"}],"wp:attachment":[{"href":"https:\/\/tubotech.com.br\/16\/wp-json\/wp\/v2\/media?parent=3334"}],"wp:term":[{"taxonomy":"category","embeddable":true,"href":"https:\/\/tubotech.com.br\/16\/wp-json\/wp\/v2\/categories?post=3334"},{"taxonomy":"post_tag","embeddable":true,"href":"https:\/\/tubotech.com.br\/16\/wp-json\/wp\/v2\/tags?post=3334"}],"curies":[{"name":"wp","href":"https:\/\/api.w.org\/{rel}","templated":true}]}}