{"id":10498,"date":"2023-09-06T17:07:14","date_gmt":"2023-09-06T17:07:14","guid":{"rendered":"https:\/\/tubotech.com.br\/16\/?p=10498"},"modified":"2023-09-06T17:07:14","modified_gmt":"2023-09-06T17:07:14","slug":"laboratorio-movel-vai-apontar-nivel-de-qualidade-tecnica-de-fios-e-cabos-na-wire-south-america","status":"publish","type":"post","link":"https:\/\/tubotech.com.br\/16\/laboratorio-movel-vai-apontar-nivel-de-qualidade-tecnica-de-fios-e-cabos-na-wire-south-america\/","title":{"rendered":"Laborat\u00f3rio M\u00f3vel vai apontar n\u00edvel de qualidade t\u00e9cnica de fios e cabos na wire South America"},"content":{"rendered":"<h4><strong>Iniciativa do Sindicel estar\u00e1 presente nos tr\u00eas dias da Feira, que acontece em conjunto com a 12\u00aa Tubotech \u2013 Feira Internacional de Tubos, V\u00e1lvulas, Bombas, Conex\u00f5es e Componentes<\/strong><\/h4>\n<p><strong>S\u00e3o Paulo, julho de 2023<\/strong>\u00a0\u2013 A boa qualidade de fios e cabos el\u00e9tricos tem import\u00e2ncia capital em constru\u00e7\u00f5es civis por conta de basicamente dois fatores fundamentais: seguran\u00e7a e melhor aproveitamento de energia. \u00c9 por esse motivo que o Laborat\u00f3rio M\u00f3vel do Sindicel (Sindicato da Ind\u00fastria de Condutores El\u00e9tricos, Trefila\u00e7\u00e3o e Lamina\u00e7\u00e3o de Metais N\u00e3o-Ferrosos do Estado de S\u00e3o Paulo) estar\u00e1 presente na\u00a0<strong>6\u00aa wire South America \u2013 Feira Internacional de Fios e Cabos<\/strong>, que acontece em conjunto com a\u00a0<strong>12\u00aa Tubotech \u2013 Feira Internacional de Tubos, V\u00e1lvulas, Bombas, Conex\u00f5es e Componentes<\/strong>. O Laborat\u00f3rio M\u00f3vel tem todos os equipamentos para medir a qualidade de fios e cabos el\u00e9tricos, identificando componentes que est\u00e3o fora das conformidades t\u00e9cnicas estabelecidas pela ABNT (Associa\u00e7\u00e3o Brasileira de Normas T\u00e9cnicas).<\/p>\n<p>As Feiras acontecem entre os dias 3 e 5 de outubro, no S\u00e3o Paulo Expo Exhibition &amp; Convention Center, em S\u00e3o Paulo, com organiza\u00e7\u00e3o e promo\u00e7\u00e3o da Fiera Milano Brasil.<\/p>\n<p>\u201cO laborat\u00f3rio vai estar na feira com dois ou tr\u00eas engenheiros que ficam interagindo com as pessoas, al\u00e9m de fazer testes de cabos para os profissionais visitantes. Em alguns desses cabos ser\u00e3o realizadas testagens de aquecimento para verificar o estado do componente em situa\u00e7\u00f5es de altas temperaturas\u201d, adianta o diretor-executivo do Sindicel, Enio Rodrigues.<\/p>\n<p>Uma das grandes preocupa\u00e7\u00f5es do Sindicel, que neste caso atua em parceria com a Qualifio (Associa\u00e7\u00e3o Brasileira pela Qualidade dos Fios e Cabos El\u00e9tricos), \u00e9 o combate ao mercado ilegal de fios e cabos el\u00e9tricos no Brasil. Ambas entidades monitoram e identificam fabricantes e certificadoras que operam de maneira irregular no mercado brasileiro, notificando as autoridades competentes.<\/p>\n<p>\u201cA maioria dos fabricantes de fios e cabos el\u00e9tricos j\u00e1 conhecem o trabalho do Sindicel e da Qualifio e acreditamos que a nossa presen\u00e7a nas Feiras vai dar uma boa repercuss\u00e3o no que diz respeito \u00e0 qualidade t\u00e9cnica e a prote\u00e7\u00e3o ao nosso consumidor\u201d, destaca Rodrigues.<\/p>\n<p><strong>N\u00fameros do mercado ilegal<\/strong><br \/>\nDados estimados divulgados pelo Sindicel apontam que 30% dos produtos comercializados no Brasil s\u00e3o ilegais, cujas vendas em 2022 atingiram cerca de R$ 2,4 bilh\u00f5es. O faturamento anual do setor, tamb\u00e9m em 2022, foi de R$ 7,45 bilh\u00f5es.<br \/>\nOutro dado preocupante apontado pelo Sindicel, referente ao ano de 2019, trata do total de perdas em energia el\u00e9trica devido a condutores fora da conformidade t\u00e9cnica, o que equivale a 7% do total consumido no pa\u00eds, resultando em gasto anual de R$ 9,2 bilh\u00f5es.<\/p>\n<p><strong>Mais sobre as Feiras<\/strong><br \/>\nA wire South America \u00e9 o \u00fanico evento na Am\u00e9rica Latina a congregar as mais recentes tecnologias, produtos e servi\u00e7os na fabrica\u00e7\u00e3o e processamento de fios e cabos, al\u00e9m de atrair compradores de toda a cadeia produtiva em um ambiente especialmente montado para a gera\u00e7\u00e3o de neg\u00f3cios e networking. Entre os setores presentes est\u00e3o fios e cabos, m\u00e1quinas, equipamentos e acess\u00f3rios, al\u00e9m de log\u00edstica e servi\u00e7os diversos.<\/p>\n<p>Est\u00e3o dispon\u00edveis os links para quem quer<a href=\"https:\/\/easyeventos.com.br\/v3\/fmilano\/23\/viswire\" target=\"_blank\" rel=\"noopener\">\u00a0visitar<\/a>\u00a0ou expor na wire\u00a0<a href=\"https:\/\/wiresa.com.br\/16\/contato-comercial\/\" target=\"_blank\" rel=\"noopener\">South America<\/a>.<\/p>\n<p>A Tubotech vai reunir fabricantes, distribuidores e prestadores de servi\u00e7os das \u00e1reas de tubos, v\u00e1lvulas, bombas e motobombas, conex\u00f5es, m\u00e1quinas e equipamentos e uma s\u00e9rie de outros componentes e acess\u00f3rios. O evento apresentar\u00e1 ainda alta tecnologia, inova\u00e7\u00f5es e as \u00faltimas tend\u00eancias e solu\u00e7\u00f5es para um p\u00fablico altamente qualificado, formado por profissionais dos setores de petr\u00f3leo, g\u00e1s, automotivo, constru\u00e7\u00e3o civil, moveleiro, qu\u00edmico, petroqu\u00edmico, farmac\u00eautico, bebidas e infraestrutura, minera\u00e7\u00e3o, entre muitos outros.<\/p>\n<p>Mais informa\u00e7\u00f5es sobre o credenciamento de\u00a0<a href=\"https:\/\/easyeventos.com.br\/v3\/fmilano\/23\/vistubo\" target=\"_blank\" rel=\"noopener\">visitantes<\/a>\u00a0e\u00a0<a href=\"https:\/\/tubotech.com.br\/16\/contato-comercial\/\" target=\"_blank\" rel=\"noopener\">expositores<\/a>\u00a0na Tubotech.<\/p>\n<p>As Feiras t\u00eam o apoio da\u00a0<strong>ABIMEI<\/strong>, do\u00a0<strong>SINDISIDER<\/strong>\u00a0\u2013 Sindicato Nacional das Empresas Distribuidoras de Produtos Sider\u00fargicos,\u00a0<strong>ABNT<\/strong>\u00a0e\u00a0<strong>ABENDI<\/strong>\u00a0\u2013 Associa\u00e7\u00e3o Brasileira de Ensaios N\u00e3o Destrutivos e Inspe\u00e7\u00e3o.<\/p>\n<p><strong>Sobre a Fiera Milano Brasil<\/strong><\/p>\n<p>A Fiera Milano Brasil \u00e9 a filial brasileira da Fiera Milano, um dos maiores players de feiras e congressos do mundo que a cada ano atraem aproximadamente 30 mil expositores e mais de cinco milh\u00f5es de visitantes. No Brasil, s\u00e3o realizadas sete feiras que representam os mais diversos segmentos da economia, como seguran\u00e7a, energias limpas e renov\u00e1veis, tubos e conex\u00f5es, cabos, sa\u00fade no trabalho, tecnologias em reabilita\u00e7\u00e3o, inclus\u00e3o e acessibilidade, entre outras. Entre as principais marcas do portf\u00f3lio est\u00e3o Exposec, Fisp, Fire Show, Congresso Ecoenergy, Reatech, Tubotech e wire South America. Mais informa\u00e7\u00f5es: www.fieramilanobrasil.com.br<\/p>\n<p><strong>Informa\u00e7\u00f5es para Imprensa<\/strong><br \/>\n2PR\u00d3 Comunica\u00e7\u00e3o<\/p>\n<p>&nbsp;<\/p>\n<p>Fonte:<\/p>\n<p><a href=\"https:\/\/manutencao.net\/laboratorio-movel-vai-apontar-nivel-de-qualidade-tecnica-de-fios-e-cabos-na-wire-south-america\/\" target=\"_blank\" rel=\"noopener\">Manuten\u00e7\u00e3o.Net<\/a><\/p>\n","protected":false},"excerpt":{"rendered":"<p>Iniciativa do Sindicel estar\u00e1 presente nos tr\u00eas dias da Feira, que acontece em conjunto com a 12\u00aa Tubotech \u2013 Feira [&hellip;]<\/p>\n","protected":false},"author":2,"featured_media":10499,"comment_status":"open","ping_status":"open","sticky":false,"template":"","format":"standard","meta":[],"categories":[49,7],"tags":[],"aioseo_notices":[],"_links":{"self":[{"href":"https:\/\/tubotech.com.br\/16\/wp-json\/wp\/v2\/posts\/10498"}],"collection":[{"href":"https:\/\/tubotech.com.br\/16\/wp-json\/wp\/v2\/posts"}],"about":[{"href":"https:\/\/tubotech.com.br\/16\/wp-json\/wp\/v2\/types\/post"}],"author":[{"embeddable":true,"href":"https:\/\/tubotech.com.br\/16\/wp-json\/wp\/v2\/users\/2"}],"replies":[{"embeddable":true,"href":"https:\/\/tubotech.com.br\/16\/wp-json\/wp\/v2\/comments?post=10498"}],"version-history":[{"count":1,"href":"https:\/\/tubotech.com.br\/16\/wp-json\/wp\/v2\/posts\/10498\/revisions"}],"predecessor-version":[{"id":10500,"href":"https:\/\/tubotech.com.br\/16\/wp-json\/wp\/v2\/posts\/10498\/revisions\/10500"}],"wp:featuredmedia":[{"embeddable":true,"href":"https:\/\/tubotech.com.br\/16\/wp-json\/wp\/v2\/media\/10499"}],"wp:attachment":[{"href":"https:\/\/tubotech.com.br\/16\/wp-json\/wp\/v2\/media?parent=10498"}],"wp:term":[{"taxonomy":"category","embeddable":true,"href":"https:\/\/tubotech.com.br\/16\/wp-json\/wp\/v2\/categories?post=10498"},{"taxonomy":"post_tag","embeddable":true,"href":"https:\/\/tubotech.com.br\/16\/wp-json\/wp\/v2\/tags?post=10498"}],"curies":[{"name":"wp","href":"https:\/\/api.w.org\/{rel}","templated":true}]}}