{"id":10181,"date":"2023-05-26T18:18:30","date_gmt":"2023-05-26T18:18:30","guid":{"rendered":"https:\/\/tubotech.com.br\/16\/?p=10181"},"modified":"2023-05-26T18:18:30","modified_gmt":"2023-05-26T18:18:30","slug":"ja-comecaram-os-preparativos-para-a-realizacao-da-12a-tubotech-e-da-6a-wire-south-america","status":"publish","type":"post","link":"https:\/\/tubotech.com.br\/16\/ja-comecaram-os-preparativos-para-a-realizacao-da-12a-tubotech-e-da-6a-wire-south-america\/","title":{"rendered":"J\u00e1 come\u00e7aram os preparativos para a realiza\u00e7\u00e3o da 12\u00aa Tubotech e da 6\u00aa wire South America"},"content":{"rendered":"<p>J\u00e1 come\u00e7aram os preparativos para a realiza\u00e7\u00e3o da\u00a0<strong>12\u00aa<\/strong>\u00a0<strong>Tubotech &#8211; Feira Internacional de Tubos, V\u00e1lvulas, Bombas, Conex\u00f5es e Componentes<\/strong>\u00a0e da\u00a0<strong>6\u00aa wire South America \u2013 Feira Internacional de Fios e Cabos\u00a0<\/strong>apontando para importantes novidades e \u00f3timas expectativas do mercado. \u00c9 o caso das novas \u00e1reas de Laser e de Solda da Tubotech, com a participa\u00e7\u00e3o de fabricantes nacionais e internacionais, al\u00e9m de fornecedores de equipamentos e prestadores de servi\u00e7os em manufatura dos respectivos segmentos. Para a wire South America, realizada simultaneamente \u00e0 Tubotech, s\u00e3o esperadas mais de 100 marcas expositoras.<\/p>\n<p>As Feiras acontecem entre os dias 3 e 5 de outubro, no\u00a0<strong>S\u00e3o Paulo Expo Exhibition &amp; Convention Center, em S\u00e3o Paulo<\/strong>, com organiza\u00e7\u00e3o e promo\u00e7\u00e3o da Fiera Milano Brasil.<\/p>\n<p>De acordo com Maur\u00edcio Duval Macedo, CEO da Fiera Milano Brasil, &#8220;a retomada da Tubotech e da wire South America depois da pandemia chega em \u00f3timo momento, pela grande import\u00e2ncia na gera\u00e7\u00e3o de neg\u00f3cios, networking entre profissionais e especialistas do mercado, al\u00e9m de proporcionar um ambiente de atualiza\u00e7\u00e3o e de contato com o que h\u00e1 de mais recente no que diz respeito \u00e0 tecnologia, gest\u00e3o e presta\u00e7\u00e3o de servi\u00e7os&#8221;.<\/p>\n<p>Para o presidente executivo da\u00a0<strong>ABIMEI &#8211; Associa\u00e7\u00e3o Brasileira dos Importadores de M\u00e1quinas e Equipamentos Industriais,<\/strong>\u00a0Paulo Castelo Branco, h\u00e1 excelente expectativa entre os profissionais do mercado. &#8220;Os clientes finais est\u00e3o querendo conhecer as novas tecnologias dispon\u00edveis no mercado global e est\u00e3o notando a necessidade de fazerem investimentos em m\u00e1quinas e equipamentos novos para aumentar a produtividade e competitividade de suas ind\u00fastrias&#8221;.<\/p>\n<p>Ainda de acordo com Castelo Branco, o mercado brasileiro est\u00e1 demonstrando interesse em investimento em novas m\u00e1quinas e equipamentos, &#8220;mesmo com a atual pol\u00edtica do governo ainda indefinida sobre v\u00e1rios aspectos&#8221;, complementa.<\/p>\n<p>A<strong>\u00a0Tubotech vai reunir fabricantes, distribuidores e prestadores de servi\u00e7os das \u00e1reas de tubos, v\u00e1lvulas, bombas e motobombas, conex\u00f5es<\/strong>, m\u00e1quinas e equipamentos e uma s\u00e9rie de outros componentes e acess\u00f3rios. O evento apresentar\u00e1 ainda alta tecnologia, inova\u00e7\u00f5es e as \u00faltimas tend\u00eancias e solu\u00e7\u00f5es para um p\u00fablico altamente qualificado, formado por profissionais dos setores de petr\u00f3leo, g\u00e1s, automotivo, constru\u00e7\u00e3o civil, moveleiro, qu\u00edmico, petroqu\u00edmico, farmac\u00eautico, bebidas e infraestrutura, minera\u00e7\u00e3o, entre muitos outros.<\/p>\n<p>Mais informa\u00e7\u00f5es sobre o credenciamento de\u00a0<a href=\"https:\/\/s2305.imxsnd25.com\/link.php?code=bDpodHRwcyUzQSUyRiUyRnR1Ym90ZWNoLmNvbS5iciUyRjE2JTJGY3JlZGVuY2lhbWVudG8lMkY6MzcxOTcwMTMwMjpyb2dlcmlhQGwzcHBtLmNvbS5icjpiN2Y2YTg6NDg=\">visitantes<\/a>\u00a0e\u00a0<a href=\"https:\/\/s2305.imxsnd25.com\/link.php?code=bDpodHRwcyUzQSUyRiUyRnR1Ym90ZWNoLmNvbS5iciUyRjE2JTJGY29udGF0by1jb21lcmNpYWwlMkY6MzcxOTcwMTMwMjpyb2dlcmlhQGwzcHBtLmNvbS5icjo5NzBhMmU6NDg=\">expositores<\/a>\u00a0na Tubotech.<\/p>\n<p>Para a wire South America, estamos falando do \u00fanico evento na<strong>\u00a0Am\u00e9rica Latina a congregar as mais recentes tecnologias, produtos e servi\u00e7os na fabrica\u00e7\u00e3o e processamento\u00a0<\/strong>de fios e cabos, al\u00e9m de atrair compradores de toda a cadeia produtiva em um ambiente especialmente montado para a gera\u00e7\u00e3o de neg\u00f3cios e networking. Entre os setores presentes est\u00e3o fios e cabos, m\u00e1quinas, equipamentos e acess\u00f3rios, al\u00e9m de log\u00edstica e servi\u00e7os diversos.<\/p>\n<p>Tamb\u00e9m est\u00e3o dispon\u00edveis os links para quem quer\u00a0<a href=\"https:\/\/s2305.imxsnd25.com\/link.php?code=bDpodHRwcyUzQSUyRiUyRndpcmVzYS5jb20uYnIlMkYxNiUyRmNyZWRlbmNpYW1lbnRvJTJGOjM3MTk3MDEzMDI6cm9nZXJpYUBsM3BwbS5jb20uYnI6MDNjODc2OjQ4\">visitar<\/a>\u00a0ou\u00a0<a href=\"https:\/\/s2305.imxsnd25.com\/link.php?code=bDpodHRwcyUzQSUyRiUyRndpcmVzYS5jb20uYnIlMkYxNiUyRmNvbnRhdG8tY29tZXJjaWFsJTJGOjM3MTk3MDEzMDI6cm9nZXJpYUBsM3BwbS5jb20uYnI6ZjNhZmI1OjQ4\">expor<\/a>\u00a0na wire South America.<\/p>\n<p>As Feiras t\u00eam o apoio da\u00a0<strong>ABIMEI,\u00a0<\/strong>do<strong>\u00a0SINDISIDER\u00a0<\/strong>&#8211; Sindicato Nacional das Empresas Distribuidoras de Produtos Sider\u00fargicos<strong>, ABNT\u00a0<\/strong>\u2013Associa\u00e7\u00e3o Brasileira de Normas T\u00e9cnicas e<strong>\u00a0ABENDI &#8211;\u00a0<\/strong>Associa\u00e7\u00e3o Brasileira de Ensaios N\u00e3o Destrutivos e Inspe\u00e7\u00e3o.<\/p>\n<p><strong>Novas \u00e1reas e Congresso Tubotech<\/strong><\/p>\n<p>Nas novas \u00e1reas de Laser e Solda, que estar\u00e3o presentes pela primeira vez na Tubotech, o p\u00fablico ter\u00e1 acesso a tecnologias que usam o laser para executar servi\u00e7os de marca\u00e7\u00e3o, grava\u00e7\u00e3o, corte, solda e limpeza; e soldagem,\u00a0<strong>como o eletrodo revestido (arco manual), MIG\/MAG, TIG, entre outros.<\/strong><\/p>\n<p>E pelo segundo ano consecutivo, a Tubotech ter\u00e1 em parceria com a ABIMEI, o\u00a0<strong>Congresso Tubotech-Techmei<\/strong>\u00a0&#8211; Congresso Internacional de Tecnologias em M\u00e1quinas, Equipamentos, Tubos e Conex\u00f5es Industriais que vai oferecer uma programa\u00e7\u00e3o qualificada ao p\u00fablico nos tr\u00eas dias da feira. Acesse este link\u00a0<a href=\"https:\/\/s2305.imxsnd25.com\/link.php?code=bDpodHRwcyUzQSUyRiUyRnR1Ym90ZWNoLmNvbS5iciUyRjE2JTJGaW5zY3JpY2FvLWNvbmdyZXNzby10dWJvdGVjaC10ZWNobWVpJTJGOjM3MTk3MDEzMDI6cm9nZXJpYUBsM3BwbS5jb20uYnI6NDQzY2IzOjQ4\">inscri\u00e7\u00f5es<\/a>\u00a0para receber informa\u00e7\u00f5es.<\/p>\n<p>Trata-se de um dos maiores congressos de tecnologias em m\u00e1quinas, equipamentos industriais, tubos e acess\u00f3rios do Brasil. O objetivo \u00e9 estimular o avan\u00e7o e a competitividade da ind\u00fastria brasileira no cen\u00e1rio mundial,<strong>\u00a0atrav\u00e9s da difus\u00e3o de conhecimento das melhores pr\u00e1ticas e equipamentos utilizados em diversos pa\u00edses.<\/strong><\/p>\n<p>Entre os temas principais do<strong>\u00a0Congresso Tubotech-Techmei est\u00e3o:<\/strong><\/p>\n<ul>\n<li>M\u00e1quinas e Ferramentas para a Produ\u00e7\u00e3o Seriada e Ferramentarias de Constru\u00e7\u00e3o de Moldes e Matrizes;<\/li>\n<li>Rob\u00f3tica para C\u00e9lulas de Manufatura e Equipamentos para Automa\u00e7\u00e3o Industrial;<\/li>\n<li>Maquin\u00e1rio para Corte, Conforma\u00e7\u00e3o e Dobra de Metais;<\/li>\n<li>Inova\u00e7\u00f5es em Servi\u00e7os e Projetos da Constru\u00e7\u00e3o;<\/li>\n<li>Tecnologia de Moldes e Manufatura Aditiva;<\/li>\n<li>Melhores Pr\u00e1ticas em Manuten\u00e7\u00e3o de Componentes Hidr\u00e1ulicos;<\/li>\n<li>Excel\u00eancia em Bombas e V\u00e1lvulas;<\/li>\n<li>Novas Aplicabilidades de Tubos e Conex\u00f5es.<\/li>\n<\/ul>\n<p>O presidente executivo da ABIMEI adianta que haver\u00e1 palestras e debates de temas relacionados \u00e0 \u00e1rea industrial, juntamente com a \u00e1rea acad\u00eamica, al\u00e9m da participa\u00e7\u00e3o de representantes de universidades e dirigentes ligados ao governo. &#8220;Eles poder\u00e3o colaborar no debate sobre o que poderemos ter de vis\u00e3o para os pr\u00f3ximos anos como meta de crescimento tanto em tecnologia quanto em produtividade no<strong>\u00a0setor industrial no Brasil&#8221;<\/strong>, afirma Castelo Branco.<\/p>\n<p><a href=\"https:\/\/s2305.imxsnd25.com\/link.php?code=bDpodHRwcyUzQSUyRiUyRnd3dy4ycHJvLmNvbS5icjozNzE5NzAxMzAyOnJvZ2VyaWFAbDNwcG0uY29tLmJyOmYyM2ZjNDo0OA==\">2PR\u00d3 Comunica\u00e7\u00e3o<\/a><\/p>\n<p>Myrian Vallone | Teresa Silva<br \/>\ne-mail equipe:\u00a0<u><a href=\"https:\/\/s2305.imxsnd25.com\/link.php?code=bDpodHRwcyUzQSUyRiUyRmZpZXJhbWlsYW5vJTQwMnByby5jb20uYnI6MzcxOTcwMTMwMjpyb2dlcmlhQGwzcHBtLmNvbS5icjo1MWZhY2Y6NDg=\">fieramilano@2pro.com.br<\/a><\/u><\/p>\n<p>11-3030-9463 |3030-9404<\/p>\n<p>&nbsp;<\/p>\n","protected":false},"excerpt":{"rendered":"<p>J\u00e1 come\u00e7aram os preparativos para a realiza\u00e7\u00e3o da\u00a012\u00aa\u00a0Tubotech &#8211; Feira Internacional de Tubos, V\u00e1lvulas, Bombas, Conex\u00f5es e Componentes\u00a0e da\u00a06\u00aa wire [&hellip;]<\/p>\n","protected":false},"author":2,"featured_media":0,"comment_status":"open","ping_status":"open","sticky":false,"template":"","format":"standard","meta":[],"categories":[49,6],"tags":[44,43,45],"aioseo_notices":[],"_links":{"self":[{"href":"https:\/\/tubotech.com.br\/16\/wp-json\/wp\/v2\/posts\/10181"}],"collection":[{"href":"https:\/\/tubotech.com.br\/16\/wp-json\/wp\/v2\/posts"}],"about":[{"href":"https:\/\/tubotech.com.br\/16\/wp-json\/wp\/v2\/types\/post"}],"author":[{"embeddable":true,"href":"https:\/\/tubotech.com.br\/16\/wp-json\/wp\/v2\/users\/2"}],"replies":[{"embeddable":true,"href":"https:\/\/tubotech.com.br\/16\/wp-json\/wp\/v2\/comments?post=10181"}],"version-history":[{"count":1,"href":"https:\/\/tubotech.com.br\/16\/wp-json\/wp\/v2\/posts\/10181\/revisions"}],"predecessor-version":[{"id":10182,"href":"https:\/\/tubotech.com.br\/16\/wp-json\/wp\/v2\/posts\/10181\/revisions\/10182"}],"wp:attachment":[{"href":"https:\/\/tubotech.com.br\/16\/wp-json\/wp\/v2\/media?parent=10181"}],"wp:term":[{"taxonomy":"category","embeddable":true,"href":"https:\/\/tubotech.com.br\/16\/wp-json\/wp\/v2\/categories?post=10181"},{"taxonomy":"post_tag","embeddable":true,"href":"https:\/\/tubotech.com.br\/16\/wp-json\/wp\/v2\/tags?post=10181"}],"curies":[{"name":"wp","href":"https:\/\/api.w.org\/{rel}","templated":true}]}}